{"id":16571,"date":"2020-06-01T11:20:27","date_gmt":"2020-06-01T09:20:27","guid":{"rendered":"https:\/\/dev.d-s-photo.com\/architectural-photography-hallbergmoos\/"},"modified":"2025-11-18T13:27:15","modified_gmt":"2025-11-18T12:27:15","slug":"architectural-photography-hallbergmoos","status":"publish","type":"post","link":"https:\/\/www.d-s-photo.com\/en\/architectural-photography-hallbergmoos\/","title":{"rendered":"Architectural Photography &#8211; Hallbergmoos"},"content":{"rendered":"\n<h5 class=\"wp-block-heading\" id=\"h-interieur-fotografie-eines-social-hub-fur-orendi-fink-architekten\">INTERIOR PHOTOGRAPHY OF A SOCIAL HUB FOR ORENDI FINK ARCHITECTS.<\/h5>\n\n<p>For architects Tina Orendi and Matthias Fink, I had the opportunity to photograph the social hub of an office complex.<br\/>The resulting photographs are used for reference and promotion, highlighting the achievements of the architects and all involved parties.<br\/>Thanks to Tina and Matthias (<a href=\"http:\/\/www.orendifink.de\" target=\"_blank\" rel=\"noopener noreferrer\">ORENDI FINK &#8211; Architects &#8211; Urban Planners<\/a>) for the very pleasant and productive collaboration.<\/p>\n\n<hr class=\"wp-block-separator has-css-opacity\"\/>\n\n<div class=\"wp-block-migb-masonry-gallery migb_a04c4ebf\" data-id=\"a04c4ebf\" id=\"a04c4ebf\"><a class=\"single-gallery-image none\" href=\"https:\/\/www.d-s-photo.com\/wp-content\/uploads\/2020\/10\/OrendiFink_20200622_096.jpg\" role=\"button\"><figure><img loading=\"lazy\" decoding=\"async\" width=\"800\" height=\"534\" src=\"https:\/\/www.d-s-photo.com\/wp-content\/uploads\/2020\/10\/OrendiFink_20200622_096.jpg\" alt=\"Gallery Image\" class=\"wp-image-6237\" srcset=\"https:\/\/www.d-s-photo.com\/wp-content\/uploads\/2020\/10\/OrendiFink_20200622_096.jpg 800w, https:\/\/www.d-s-photo.com\/wp-content\/uploads\/2020\/10\/OrendiFink_20200622_096-300x200.jpg 300w, https:\/\/www.d-s-photo.com\/wp-content\/uploads\/2020\/10\/OrendiFink_20200622_096-768x513.jpg 768w\" sizes=\"auto, (max-width: 800px) 100vw, 800px\" \/><\/figure><\/a><a class=\"single-gallery-image none\" href=\"https:\/\/www.d-s-photo.com\/wp-content\/uploads\/2020\/10\/OrendiFink_20200622_062.jpg\" role=\"button\"><figure><img loading=\"lazy\" decoding=\"async\" width=\"800\" height=\"534\" src=\"https:\/\/www.d-s-photo.com\/wp-content\/uploads\/2020\/10\/OrendiFink_20200622_062.jpg\" alt=\"Gallery Image\" class=\"wp-image-6236\" srcset=\"https:\/\/www.d-s-photo.com\/wp-content\/uploads\/2020\/10\/OrendiFink_20200622_062.jpg 800w, https:\/\/www.d-s-photo.com\/wp-content\/uploads\/2020\/10\/OrendiFink_20200622_062-300x200.jpg 300w, https:\/\/www.d-s-photo.com\/wp-content\/uploads\/2020\/10\/OrendiFink_20200622_062-768x513.jpg 768w\" sizes=\"auto, (max-width: 800px) 100vw, 800px\" \/><\/figure><\/a><a class=\"single-gallery-image none\" href=\"https:\/\/www.d-s-photo.com\/wp-content\/uploads\/2020\/10\/OrendiFink_20200622_045.jpg\" role=\"button\"><figure><img loading=\"lazy\" decoding=\"async\" width=\"800\" height=\"534\" src=\"https:\/\/www.d-s-photo.com\/wp-content\/uploads\/2020\/10\/OrendiFink_20200622_045.jpg\" alt=\"Gallery Image\" class=\"wp-image-6235\" srcset=\"https:\/\/www.d-s-photo.com\/wp-content\/uploads\/2020\/10\/OrendiFink_20200622_045.jpg 800w, https:\/\/www.d-s-photo.com\/wp-content\/uploads\/2020\/10\/OrendiFink_20200622_045-300x200.jpg 300w, https:\/\/www.d-s-photo.com\/wp-content\/uploads\/2020\/10\/OrendiFink_20200622_045-768x513.jpg 768w\" sizes=\"auto, (max-width: 800px) 100vw, 800px\" \/><\/figure><\/a><a class=\"single-gallery-image none\" href=\"https:\/\/www.d-s-photo.com\/wp-content\/uploads\/2020\/06\/OrendiFink_20200622_045-HDR.jpg\" role=\"button\"><figure><img loading=\"lazy\" decoding=\"async\" width=\"1800\" height=\"1201\" src=\"https:\/\/www.d-s-photo.com\/wp-content\/uploads\/2020\/06\/OrendiFink_20200622_045-HDR.jpg\" alt=\"Gallery Image\" class=\"wp-image-12814\" srcset=\"https:\/\/www.d-s-photo.com\/wp-content\/uploads\/2020\/06\/OrendiFink_20200622_045-HDR.jpg 1800w, https:\/\/www.d-s-photo.com\/wp-content\/uploads\/2020\/06\/OrendiFink_20200622_045-HDR-300x200.jpg 300w, https:\/\/www.d-s-photo.com\/wp-content\/uploads\/2020\/06\/OrendiFink_20200622_045-HDR-1024x683.jpg 1024w, https:\/\/www.d-s-photo.com\/wp-content\/uploads\/2020\/06\/OrendiFink_20200622_045-HDR-768x512.jpg 768w, https:\/\/www.d-s-photo.com\/wp-content\/uploads\/2020\/06\/OrendiFink_20200622_045-HDR-1536x1025.jpg 1536w\" sizes=\"auto, (max-width: 1800px) 100vw, 1800px\" \/><\/figure><\/a><a class=\"single-gallery-image none\" href=\"https:\/\/www.d-s-photo.com\/wp-content\/uploads\/2020\/06\/OrendiFink_20200622_004-HDR.jpg\" role=\"button\"><figure><img loading=\"lazy\" decoding=\"async\" width=\"1800\" height=\"1201\" src=\"https:\/\/www.d-s-photo.com\/wp-content\/uploads\/2020\/06\/OrendiFink_20200622_004-HDR.jpg\" alt=\"Gallery Image\" class=\"wp-image-12815\" srcset=\"https:\/\/www.d-s-photo.com\/wp-content\/uploads\/2020\/06\/OrendiFink_20200622_004-HDR.jpg 1800w, https:\/\/www.d-s-photo.com\/wp-content\/uploads\/2020\/06\/OrendiFink_20200622_004-HDR-300x200.jpg 300w, https:\/\/www.d-s-photo.com\/wp-content\/uploads\/2020\/06\/OrendiFink_20200622_004-HDR-1024x683.jpg 1024w, https:\/\/www.d-s-photo.com\/wp-content\/uploads\/2020\/06\/OrendiFink_20200622_004-HDR-768x512.jpg 768w, https:\/\/www.d-s-photo.com\/wp-content\/uploads\/2020\/06\/OrendiFink_20200622_004-HDR-1536x1025.jpg 1536w\" sizes=\"auto, (max-width: 1800px) 100vw, 1800px\" \/><\/figure><\/a><a class=\"single-gallery-image none\" href=\"https:\/\/www.d-s-photo.com\/wp-content\/uploads\/2020\/06\/OrendiFink_20200622_008-HDR.jpg\" role=\"button\"><figure><img loading=\"lazy\" decoding=\"async\" width=\"1800\" height=\"1201\" src=\"https:\/\/www.d-s-photo.com\/wp-content\/uploads\/2020\/06\/OrendiFink_20200622_008-HDR.jpg\" alt=\"Gallery Image\" class=\"wp-image-12816\" srcset=\"https:\/\/www.d-s-photo.com\/wp-content\/uploads\/2020\/06\/OrendiFink_20200622_008-HDR.jpg 1800w, https:\/\/www.d-s-photo.com\/wp-content\/uploads\/2020\/06\/OrendiFink_20200622_008-HDR-300x200.jpg 300w, https:\/\/www.d-s-photo.com\/wp-content\/uploads\/2020\/06\/OrendiFink_20200622_008-HDR-1024x683.jpg 1024w, https:\/\/www.d-s-photo.com\/wp-content\/uploads\/2020\/06\/OrendiFink_20200622_008-HDR-768x512.jpg 768w, https:\/\/www.d-s-photo.com\/wp-content\/uploads\/2020\/06\/OrendiFink_20200622_008-HDR-1536x1025.jpg 1536w\" sizes=\"auto, (max-width: 1800px) 100vw, 1800px\" \/><\/figure><\/a><a class=\"single-gallery-image none\" href=\"https:\/\/www.d-s-photo.com\/wp-content\/uploads\/2020\/06\/OrendiFink_20200622_015-HDR.jpg\" role=\"button\"><figure><img loading=\"lazy\" decoding=\"async\" width=\"1800\" height=\"1201\" src=\"https:\/\/www.d-s-photo.com\/wp-content\/uploads\/2020\/06\/OrendiFink_20200622_015-HDR.jpg\" alt=\"Gallery Image\" class=\"wp-image-12817\" srcset=\"https:\/\/www.d-s-photo.com\/wp-content\/uploads\/2020\/06\/OrendiFink_20200622_015-HDR.jpg 1800w, https:\/\/www.d-s-photo.com\/wp-content\/uploads\/2020\/06\/OrendiFink_20200622_015-HDR-300x200.jpg 300w, https:\/\/www.d-s-photo.com\/wp-content\/uploads\/2020\/06\/OrendiFink_20200622_015-HDR-1024x683.jpg 1024w, https:\/\/www.d-s-photo.com\/wp-content\/uploads\/2020\/06\/OrendiFink_20200622_015-HDR-768x512.jpg 768w, https:\/\/www.d-s-photo.com\/wp-content\/uploads\/2020\/06\/OrendiFink_20200622_015-HDR-1536x1025.jpg 1536w\" sizes=\"auto, (max-width: 1800px) 100vw, 1800px\" \/><\/figure><\/a><a class=\"single-gallery-image none\" href=\"https:\/\/www.d-s-photo.com\/wp-content\/uploads\/2020\/06\/OrendiFink_20200622_028-HDR.jpg\" role=\"button\"><figure><img loading=\"lazy\" decoding=\"async\" width=\"1800\" height=\"1201\" src=\"https:\/\/www.d-s-photo.com\/wp-content\/uploads\/2020\/06\/OrendiFink_20200622_028-HDR.jpg\" alt=\"Gallery Image\" class=\"wp-image-12818\" srcset=\"https:\/\/www.d-s-photo.com\/wp-content\/uploads\/2020\/06\/OrendiFink_20200622_028-HDR.jpg 1800w, https:\/\/www.d-s-photo.com\/wp-content\/uploads\/2020\/06\/OrendiFink_20200622_028-HDR-300x200.jpg 300w, https:\/\/www.d-s-photo.com\/wp-content\/uploads\/2020\/06\/OrendiFink_20200622_028-HDR-1024x683.jpg 1024w, https:\/\/www.d-s-photo.com\/wp-content\/uploads\/2020\/06\/OrendiFink_20200622_028-HDR-768x512.jpg 768w, https:\/\/www.d-s-photo.com\/wp-content\/uploads\/2020\/06\/OrendiFink_20200622_028-HDR-1536x1025.jpg 1536w\" sizes=\"auto, (max-width: 1800px) 100vw, 1800px\" \/><\/figure><\/a><a class=\"single-gallery-image none\" href=\"https:\/\/www.d-s-photo.com\/wp-content\/uploads\/2020\/06\/OrendiFink_20200622_031-HDR.jpg\" role=\"button\"><figure><img loading=\"lazy\" decoding=\"async\" width=\"1800\" height=\"1201\" src=\"https:\/\/www.d-s-photo.com\/wp-content\/uploads\/2020\/06\/OrendiFink_20200622_031-HDR.jpg\" alt=\"Gallery Image\" class=\"wp-image-12819\" srcset=\"https:\/\/www.d-s-photo.com\/wp-content\/uploads\/2020\/06\/OrendiFink_20200622_031-HDR.jpg 1800w, https:\/\/www.d-s-photo.com\/wp-content\/uploads\/2020\/06\/OrendiFink_20200622_031-HDR-300x200.jpg 300w, https:\/\/www.d-s-photo.com\/wp-content\/uploads\/2020\/06\/OrendiFink_20200622_031-HDR-1024x683.jpg 1024w, https:\/\/www.d-s-photo.com\/wp-content\/uploads\/2020\/06\/OrendiFink_20200622_031-HDR-768x512.jpg 768w, https:\/\/www.d-s-photo.com\/wp-content\/uploads\/2020\/06\/OrendiFink_20200622_031-HDR-1536x1025.jpg 1536w\" sizes=\"auto, (max-width: 1800px) 100vw, 1800px\" \/><\/figure><\/a><a class=\"single-gallery-image none\" href=\"https:\/\/www.d-s-photo.com\/wp-content\/uploads\/2020\/06\/OrendiFink_20200622_062-HDR.jpg\" role=\"button\"><figure><img loading=\"lazy\" decoding=\"async\" width=\"1800\" height=\"1201\" src=\"https:\/\/www.d-s-photo.com\/wp-content\/uploads\/2020\/06\/OrendiFink_20200622_062-HDR.jpg\" alt=\"Gallery Image\" class=\"wp-image-12820\" srcset=\"https:\/\/www.d-s-photo.com\/wp-content\/uploads\/2020\/06\/OrendiFink_20200622_062-HDR.jpg 1800w, https:\/\/www.d-s-photo.com\/wp-content\/uploads\/2020\/06\/OrendiFink_20200622_062-HDR-300x200.jpg 300w, https:\/\/www.d-s-photo.com\/wp-content\/uploads\/2020\/06\/OrendiFink_20200622_062-HDR-1024x683.jpg 1024w, https:\/\/www.d-s-photo.com\/wp-content\/uploads\/2020\/06\/OrendiFink_20200622_062-HDR-768x512.jpg 768w, https:\/\/www.d-s-photo.com\/wp-content\/uploads\/2020\/06\/OrendiFink_20200622_062-HDR-1536x1025.jpg 1536w\" sizes=\"auto, (max-width: 1800px) 100vw, 1800px\" \/><\/figure><\/a><a class=\"single-gallery-image none\" href=\"https:\/\/www.d-s-photo.com\/wp-content\/uploads\/2020\/06\/OrendiFink_20200622_092-HDR.jpg\" role=\"button\"><figure><img loading=\"lazy\" decoding=\"async\" width=\"1800\" height=\"1201\" src=\"https:\/\/www.d-s-photo.com\/wp-content\/uploads\/2020\/06\/OrendiFink_20200622_092-HDR.jpg\" alt=\"Gallery Image\" class=\"wp-image-12821\" srcset=\"https:\/\/www.d-s-photo.com\/wp-content\/uploads\/2020\/06\/OrendiFink_20200622_092-HDR.jpg 1800w, https:\/\/www.d-s-photo.com\/wp-content\/uploads\/2020\/06\/OrendiFink_20200622_092-HDR-300x200.jpg 300w, https:\/\/www.d-s-photo.com\/wp-content\/uploads\/2020\/06\/OrendiFink_20200622_092-HDR-1024x683.jpg 1024w, https:\/\/www.d-s-photo.com\/wp-content\/uploads\/2020\/06\/OrendiFink_20200622_092-HDR-768x512.jpg 768w, https:\/\/www.d-s-photo.com\/wp-content\/uploads\/2020\/06\/OrendiFink_20200622_092-HDR-1536x1025.jpg 1536w\" sizes=\"auto, (max-width: 1800px) 100vw, 1800px\" \/><\/figure><\/a><a class=\"single-gallery-image none\" href=\"https:\/\/www.d-s-photo.com\/wp-content\/uploads\/2020\/06\/OrendiFink_20200622_096-HDR.jpg\" role=\"button\"><figure><img loading=\"lazy\" decoding=\"async\" width=\"1800\" height=\"1201\" src=\"https:\/\/www.d-s-photo.com\/wp-content\/uploads\/2020\/06\/OrendiFink_20200622_096-HDR.jpg\" alt=\"Gallery Image\" class=\"wp-image-12822\" srcset=\"https:\/\/www.d-s-photo.com\/wp-content\/uploads\/2020\/06\/OrendiFink_20200622_096-HDR.jpg 1800w, https:\/\/www.d-s-photo.com\/wp-content\/uploads\/2020\/06\/OrendiFink_20200622_096-HDR-300x200.jpg 300w, https:\/\/www.d-s-photo.com\/wp-content\/uploads\/2020\/06\/OrendiFink_20200622_096-HDR-1024x683.jpg 1024w, https:\/\/www.d-s-photo.com\/wp-content\/uploads\/2020\/06\/OrendiFink_20200622_096-HDR-768x512.jpg 768w, https:\/\/www.d-s-photo.com\/wp-content\/uploads\/2020\/06\/OrendiFink_20200622_096-HDR-1536x1025.jpg 1536w\" sizes=\"auto, (max-width: 1800px) 100vw, 1800px\" \/><\/figure><\/a><a class=\"single-gallery-image none\" href=\"https:\/\/www.d-s-photo.com\/wp-content\/uploads\/2020\/06\/OrendiFink_20200622_101-HDR.jpg\" role=\"button\"><figure><img loading=\"lazy\" decoding=\"async\" width=\"1800\" height=\"1201\" src=\"https:\/\/www.d-s-photo.com\/wp-content\/uploads\/2020\/06\/OrendiFink_20200622_101-HDR.jpg\" alt=\"Gallery Image\" class=\"wp-image-12823\" srcset=\"https:\/\/www.d-s-photo.com\/wp-content\/uploads\/2020\/06\/OrendiFink_20200622_101-HDR.jpg 1800w, https:\/\/www.d-s-photo.com\/wp-content\/uploads\/2020\/06\/OrendiFink_20200622_101-HDR-300x200.jpg 300w, https:\/\/www.d-s-photo.com\/wp-content\/uploads\/2020\/06\/OrendiFink_20200622_101-HDR-1024x683.jpg 1024w, https:\/\/www.d-s-photo.com\/wp-content\/uploads\/2020\/06\/OrendiFink_20200622_101-HDR-768x512.jpg 768w, https:\/\/www.d-s-photo.com\/wp-content\/uploads\/2020\/06\/OrendiFink_20200622_101-HDR-1536x1025.jpg 1536w\" sizes=\"auto, (max-width: 1800px) 100vw, 1800px\" \/><\/figure><\/a><a class=\"single-gallery-image none\" href=\"https:\/\/www.d-s-photo.com\/wp-content\/uploads\/2020\/06\/OrendiFink_20200622_109-HDR.jpg\" role=\"button\"><figure><img loading=\"lazy\" decoding=\"async\" width=\"1800\" height=\"1201\" src=\"https:\/\/www.d-s-photo.com\/wp-content\/uploads\/2020\/06\/OrendiFink_20200622_109-HDR.jpg\" alt=\"Gallery Image\" class=\"wp-image-12824\" srcset=\"https:\/\/www.d-s-photo.com\/wp-content\/uploads\/2020\/06\/OrendiFink_20200622_109-HDR.jpg 1800w, https:\/\/www.d-s-photo.com\/wp-content\/uploads\/2020\/06\/OrendiFink_20200622_109-HDR-300x200.jpg 300w, https:\/\/www.d-s-photo.com\/wp-content\/uploads\/2020\/06\/OrendiFink_20200622_109-HDR-1024x683.jpg 1024w, https:\/\/www.d-s-photo.com\/wp-content\/uploads\/2020\/06\/OrendiFink_20200622_109-HDR-768x512.jpg 768w, https:\/\/www.d-s-photo.com\/wp-content\/uploads\/2020\/06\/OrendiFink_20200622_109-HDR-1536x1025.jpg 1536w\" sizes=\"auto, (max-width: 1800px) 100vw, 1800px\" \/><\/figure><\/a><a class=\"single-gallery-image none\" href=\"https:\/\/www.d-s-photo.com\/wp-content\/uploads\/2020\/06\/OrendiFink_20200622_115-HDR.jpg\" role=\"button\"><figure><img loading=\"lazy\" decoding=\"async\" width=\"1800\" height=\"1201\" src=\"https:\/\/www.d-s-photo.com\/wp-content\/uploads\/2020\/06\/OrendiFink_20200622_115-HDR.jpg\" alt=\"Gallery Image\" class=\"wp-image-12825\" srcset=\"https:\/\/www.d-s-photo.com\/wp-content\/uploads\/2020\/06\/OrendiFink_20200622_115-HDR.jpg 1800w, https:\/\/www.d-s-photo.com\/wp-content\/uploads\/2020\/06\/OrendiFink_20200622_115-HDR-300x200.jpg 300w, https:\/\/www.d-s-photo.com\/wp-content\/uploads\/2020\/06\/OrendiFink_20200622_115-HDR-1024x683.jpg 1024w, https:\/\/www.d-s-photo.com\/wp-content\/uploads\/2020\/06\/OrendiFink_20200622_115-HDR-768x512.jpg 768w, https:\/\/www.d-s-photo.com\/wp-content\/uploads\/2020\/06\/OrendiFink_20200622_115-HDR-1536x1025.jpg 1536w\" sizes=\"auto, (max-width: 1800px) 100vw, 1800px\" \/><\/figure><\/a><\/div>\n","protected":false},"excerpt":{"rendered":"<p>INTERIOR PHOTOGRAPHY OF A SOCIAL HUB FOR ORENDI FINK ARCHITECTS. For architects Tina Orendi and Matthias Fink, I had the [&#8230;]<\/p>\n","protected":false},"author":1,"featured_media":16579,"comment_status":"closed","ping_status":"open","sticky":false,"template":"","format":"standard","meta":{"footnotes":""},"categories":[42],"tags":[],"class_list":["post-16571","post","type-post","status-publish","format-standard","has-post-thumbnail","hentry","category-architectural-photography"],"yoast_head":"<!-- This site is optimized with the Yoast SEO plugin v27.4 - https:\/\/yoast.com\/product\/yoast-seo-wordpress\/ -->\n<title>Architectural Photography - Hallbergmoos - Daniel Schvarcz Fotograf<\/title>\n<meta name=\"robots\" content=\"index, follow, max-snippet:-1, max-image-preview:large, max-video-preview:-1\" \/>\n<link rel=\"canonical\" href=\"https:\/\/www.d-s-photo.com\/en\/architectural-photography-hallbergmoos\/\" \/>\n<meta property=\"og:locale\" content=\"en_US\" \/>\n<meta property=\"og:type\" content=\"article\" \/>\n<meta property=\"og:title\" content=\"Architectural Photography - Hallbergmoos - Daniel Schvarcz Fotograf\" \/>\n<meta property=\"og:description\" content=\"INTERIOR PHOTOGRAPHY OF A SOCIAL HUB FOR ORENDI FINK ARCHITECTS. For architects Tina Orendi and Matthias Fink, I had the [...]\" \/>\n<meta property=\"og:url\" content=\"https:\/\/www.d-s-photo.com\/en\/architectural-photography-hallbergmoos\/\" \/>\n<meta property=\"og:site_name\" content=\"Daniel Schvarcz Fotograf\" \/>\n<meta property=\"article:publisher\" content=\"https:\/\/www.facebook.com\/danielschvarczphotography\" \/>\n<meta property=\"article:published_time\" content=\"2020-06-01T09:20:27+00:00\" \/>\n<meta property=\"article:modified_time\" content=\"2025-11-18T12:27:15+00:00\" \/>\n<meta property=\"og:image\" content=\"https:\/\/www.d-s-photo.com\/wp-content\/uploads\/2020\/06\/OrendiFink_20200622_031-HDR.jpg\" \/>\n\t<meta property=\"og:image:width\" content=\"1800\" \/>\n\t<meta property=\"og:image:height\" content=\"1201\" \/>\n\t<meta property=\"og:image:type\" content=\"image\/jpeg\" \/>\n<meta name=\"author\" content=\"dani\" \/>\n<meta name=\"twitter:card\" content=\"summary_large_image\" \/>\n<meta name=\"twitter:label1\" content=\"Written by\" \/>\n\t<meta name=\"twitter:data1\" content=\"dani\" \/>\n<script type=\"application\/ld+json\" class=\"yoast-schema-graph\">{\"@context\":\"https:\\\/\\\/schema.org\",\"@graph\":[{\"@type\":\"Article\",\"@id\":\"https:\\\/\\\/www.d-s-photo.com\\\/en\\\/architectural-photography-hallbergmoos\\\/#article\",\"isPartOf\":{\"@id\":\"https:\\\/\\\/www.d-s-photo.com\\\/en\\\/architectural-photography-hallbergmoos\\\/\"},\"author\":{\"name\":\"dani\",\"@id\":\"https:\\\/\\\/www.d-s-photo.com\\\/en\\\/#\\\/schema\\\/person\\\/b63c160fcf50b3cd99e315a813c0c10e\"},\"headline\":\"Architectural Photography &#8211; Hallbergmoos\",\"datePublished\":\"2020-06-01T09:20:27+00:00\",\"dateModified\":\"2025-11-18T12:27:15+00:00\",\"mainEntityOfPage\":{\"@id\":\"https:\\\/\\\/www.d-s-photo.com\\\/en\\\/architectural-photography-hallbergmoos\\\/\"},\"wordCount\":72,\"publisher\":{\"@id\":\"https:\\\/\\\/www.d-s-photo.com\\\/en\\\/#organization\"},\"image\":{\"@id\":\"https:\\\/\\\/www.d-s-photo.com\\\/en\\\/architectural-photography-hallbergmoos\\\/#primaryimage\"},\"thumbnailUrl\":\"https:\\\/\\\/www.d-s-photo.com\\\/wp-content\\\/uploads\\\/2020\\\/06\\\/OrendiFink_20200622_031-HDR.jpg\",\"articleSection\":[\"Architectural Photography\"],\"inLanguage\":\"en-US\"},{\"@type\":\"WebPage\",\"@id\":\"https:\\\/\\\/www.d-s-photo.com\\\/en\\\/architectural-photography-hallbergmoos\\\/\",\"url\":\"https:\\\/\\\/www.d-s-photo.com\\\/en\\\/architectural-photography-hallbergmoos\\\/\",\"name\":\"Architectural Photography - Hallbergmoos - Daniel Schvarcz Fotograf\",\"isPartOf\":{\"@id\":\"https:\\\/\\\/www.d-s-photo.com\\\/en\\\/#website\"},\"primaryImageOfPage\":{\"@id\":\"https:\\\/\\\/www.d-s-photo.com\\\/en\\\/architectural-photography-hallbergmoos\\\/#primaryimage\"},\"image\":{\"@id\":\"https:\\\/\\\/www.d-s-photo.com\\\/en\\\/architectural-photography-hallbergmoos\\\/#primaryimage\"},\"thumbnailUrl\":\"https:\\\/\\\/www.d-s-photo.com\\\/wp-content\\\/uploads\\\/2020\\\/06\\\/OrendiFink_20200622_031-HDR.jpg\",\"datePublished\":\"2020-06-01T09:20:27+00:00\",\"dateModified\":\"2025-11-18T12:27:15+00:00\",\"breadcrumb\":{\"@id\":\"https:\\\/\\\/www.d-s-photo.com\\\/en\\\/architectural-photography-hallbergmoos\\\/#breadcrumb\"},\"inLanguage\":\"en-US\",\"potentialAction\":[{\"@type\":\"ReadAction\",\"target\":[\"https:\\\/\\\/www.d-s-photo.com\\\/en\\\/architectural-photography-hallbergmoos\\\/\"]}]},{\"@type\":\"ImageObject\",\"inLanguage\":\"en-US\",\"@id\":\"https:\\\/\\\/www.d-s-photo.com\\\/en\\\/architectural-photography-hallbergmoos\\\/#primaryimage\",\"url\":\"https:\\\/\\\/www.d-s-photo.com\\\/wp-content\\\/uploads\\\/2020\\\/06\\\/OrendiFink_20200622_031-HDR.jpg\",\"contentUrl\":\"https:\\\/\\\/www.d-s-photo.com\\\/wp-content\\\/uploads\\\/2020\\\/06\\\/OrendiFink_20200622_031-HDR.jpg\",\"width\":1800,\"height\":1201},{\"@type\":\"BreadcrumbList\",\"@id\":\"https:\\\/\\\/www.d-s-photo.com\\\/en\\\/architectural-photography-hallbergmoos\\\/#breadcrumb\",\"itemListElement\":[{\"@type\":\"ListItem\",\"position\":1,\"name\":\"Startseite\",\"item\":\"https:\\\/\\\/www.d-s-photo.com\\\/en\\\/\"},{\"@type\":\"ListItem\",\"position\":2,\"name\":\"Architectural Photography &#8211; Hallbergmoos\"}]},{\"@type\":\"WebSite\",\"@id\":\"https:\\\/\\\/www.d-s-photo.com\\\/en\\\/#website\",\"url\":\"https:\\\/\\\/www.d-s-photo.com\\\/en\\\/\",\"name\":\"Daniel Schvarcz Fotograf\",\"description\":\"Meine Schwerpunkte als Fotograf sind Architektur, Hotellerie, Food, Industrie, Business und Produkt Fotografie sowie klassische Werbefotografie.  \u00dcber die gesamte Bandbreite meiner Leistungen biete ich beste fotografische Qualit\u00e4t, abgestimmte Prozesse, exakte Timings und faire Konditionen. Eben ein professionelles Gesamtpaket f\u00fcr fotografische Herausforderungen im Bereich B2B.  Lassen Sie sich durch die Galerie inspirieren und unter 089-12190403 von mir direkt beraten.\",\"publisher\":{\"@id\":\"https:\\\/\\\/www.d-s-photo.com\\\/en\\\/#organization\"},\"potentialAction\":[{\"@type\":\"SearchAction\",\"target\":{\"@type\":\"EntryPoint\",\"urlTemplate\":\"https:\\\/\\\/www.d-s-photo.com\\\/en\\\/?s={search_term_string}\"},\"query-input\":{\"@type\":\"PropertyValueSpecification\",\"valueRequired\":true,\"valueName\":\"search_term_string\"}}],\"inLanguage\":\"en-US\"},{\"@type\":\"Organization\",\"@id\":\"https:\\\/\\\/www.d-s-photo.com\\\/en\\\/#organization\",\"name\":\"Daniel Schvarcz Photographie\",\"url\":\"https:\\\/\\\/www.d-s-photo.com\\\/en\\\/\",\"logo\":{\"@type\":\"ImageObject\",\"inLanguage\":\"en-US\",\"@id\":\"https:\\\/\\\/www.d-s-photo.com\\\/en\\\/#\\\/schema\\\/logo\\\/image\\\/\",\"url\":\"https:\\\/\\\/www.d-s-photo.com\\\/wp-content\\\/uploads\\\/2021\\\/12\\\/DS_Logo_2021.svg\",\"contentUrl\":\"https:\\\/\\\/www.d-s-photo.com\\\/wp-content\\\/uploads\\\/2021\\\/12\\\/DS_Logo_2021.svg\",\"width\":1,\"height\":1,\"caption\":\"Daniel Schvarcz Photographie\"},\"image\":{\"@id\":\"https:\\\/\\\/www.d-s-photo.com\\\/en\\\/#\\\/schema\\\/logo\\\/image\\\/\"},\"sameAs\":[\"https:\\\/\\\/www.facebook.com\\\/danielschvarczphotography\",\"https:\\\/\\\/www.instagram.com\\\/daniel.schvarcz.photography\\\/\",\"https:\\\/\\\/www.linkedin.com\\\/in\\\/daniel-schvarcz-99376018a\\\/\",\"https:\\\/\\\/www.youtube.com\\\/channel\\\/UCE5Ov4Zvczhte1ky-pDCJtw\"]},{\"@type\":\"Person\",\"@id\":\"https:\\\/\\\/www.d-s-photo.com\\\/en\\\/#\\\/schema\\\/person\\\/b63c160fcf50b3cd99e315a813c0c10e\",\"name\":\"dani\",\"image\":{\"@type\":\"ImageObject\",\"inLanguage\":\"en-US\",\"@id\":\"https:\\\/\\\/secure.gravatar.com\\\/avatar\\\/1f66c27abec1e7f78f05aa01590260a08d3452c8fd08bddb7c0bf9c3296b9351?s=96&d=mm&r=g\",\"url\":\"https:\\\/\\\/secure.gravatar.com\\\/avatar\\\/1f66c27abec1e7f78f05aa01590260a08d3452c8fd08bddb7c0bf9c3296b9351?s=96&d=mm&r=g\",\"contentUrl\":\"https:\\\/\\\/secure.gravatar.com\\\/avatar\\\/1f66c27abec1e7f78f05aa01590260a08d3452c8fd08bddb7c0bf9c3296b9351?s=96&d=mm&r=g\",\"caption\":\"dani\"},\"sameAs\":[\"https:\\\/\\\/www.d-s-photo.com\"],\"url\":\"https:\\\/\\\/www.d-s-photo.com\\\/en\\\/author\\\/dani\\\/\"}]}<\/script>\n<!-- \/ Yoast SEO plugin. -->","yoast_head_json":{"title":"Architectural Photography - Hallbergmoos - Daniel Schvarcz Fotograf","robots":{"index":"index","follow":"follow","max-snippet":"max-snippet:-1","max-image-preview":"max-image-preview:large","max-video-preview":"max-video-preview:-1"},"canonical":"https:\/\/www.d-s-photo.com\/en\/architectural-photography-hallbergmoos\/","og_locale":"en_US","og_type":"article","og_title":"Architectural Photography - Hallbergmoos - Daniel Schvarcz Fotograf","og_description":"INTERIOR PHOTOGRAPHY OF A SOCIAL HUB FOR ORENDI FINK ARCHITECTS. For architects Tina Orendi and Matthias Fink, I had the [...]","og_url":"https:\/\/www.d-s-photo.com\/en\/architectural-photography-hallbergmoos\/","og_site_name":"Daniel Schvarcz Fotograf","article_publisher":"https:\/\/www.facebook.com\/danielschvarczphotography","article_published_time":"2020-06-01T09:20:27+00:00","article_modified_time":"2025-11-18T12:27:15+00:00","og_image":[{"width":1800,"height":1201,"url":"https:\/\/www.d-s-photo.com\/wp-content\/uploads\/2020\/06\/OrendiFink_20200622_031-HDR.jpg","type":"image\/jpeg"}],"author":"dani","twitter_card":"summary_large_image","twitter_misc":{"Written by":"dani"},"schema":{"@context":"https:\/\/schema.org","@graph":[{"@type":"Article","@id":"https:\/\/www.d-s-photo.com\/en\/architectural-photography-hallbergmoos\/#article","isPartOf":{"@id":"https:\/\/www.d-s-photo.com\/en\/architectural-photography-hallbergmoos\/"},"author":{"name":"dani","@id":"https:\/\/www.d-s-photo.com\/en\/#\/schema\/person\/b63c160fcf50b3cd99e315a813c0c10e"},"headline":"Architectural Photography &#8211; Hallbergmoos","datePublished":"2020-06-01T09:20:27+00:00","dateModified":"2025-11-18T12:27:15+00:00","mainEntityOfPage":{"@id":"https:\/\/www.d-s-photo.com\/en\/architectural-photography-hallbergmoos\/"},"wordCount":72,"publisher":{"@id":"https:\/\/www.d-s-photo.com\/en\/#organization"},"image":{"@id":"https:\/\/www.d-s-photo.com\/en\/architectural-photography-hallbergmoos\/#primaryimage"},"thumbnailUrl":"https:\/\/www.d-s-photo.com\/wp-content\/uploads\/2020\/06\/OrendiFink_20200622_031-HDR.jpg","articleSection":["Architectural Photography"],"inLanguage":"en-US"},{"@type":"WebPage","@id":"https:\/\/www.d-s-photo.com\/en\/architectural-photography-hallbergmoos\/","url":"https:\/\/www.d-s-photo.com\/en\/architectural-photography-hallbergmoos\/","name":"Architectural Photography - Hallbergmoos - Daniel Schvarcz Fotograf","isPartOf":{"@id":"https:\/\/www.d-s-photo.com\/en\/#website"},"primaryImageOfPage":{"@id":"https:\/\/www.d-s-photo.com\/en\/architectural-photography-hallbergmoos\/#primaryimage"},"image":{"@id":"https:\/\/www.d-s-photo.com\/en\/architectural-photography-hallbergmoos\/#primaryimage"},"thumbnailUrl":"https:\/\/www.d-s-photo.com\/wp-content\/uploads\/2020\/06\/OrendiFink_20200622_031-HDR.jpg","datePublished":"2020-06-01T09:20:27+00:00","dateModified":"2025-11-18T12:27:15+00:00","breadcrumb":{"@id":"https:\/\/www.d-s-photo.com\/en\/architectural-photography-hallbergmoos\/#breadcrumb"},"inLanguage":"en-US","potentialAction":[{"@type":"ReadAction","target":["https:\/\/www.d-s-photo.com\/en\/architectural-photography-hallbergmoos\/"]}]},{"@type":"ImageObject","inLanguage":"en-US","@id":"https:\/\/www.d-s-photo.com\/en\/architectural-photography-hallbergmoos\/#primaryimage","url":"https:\/\/www.d-s-photo.com\/wp-content\/uploads\/2020\/06\/OrendiFink_20200622_031-HDR.jpg","contentUrl":"https:\/\/www.d-s-photo.com\/wp-content\/uploads\/2020\/06\/OrendiFink_20200622_031-HDR.jpg","width":1800,"height":1201},{"@type":"BreadcrumbList","@id":"https:\/\/www.d-s-photo.com\/en\/architectural-photography-hallbergmoos\/#breadcrumb","itemListElement":[{"@type":"ListItem","position":1,"name":"Startseite","item":"https:\/\/www.d-s-photo.com\/en\/"},{"@type":"ListItem","position":2,"name":"Architectural Photography &#8211; Hallbergmoos"}]},{"@type":"WebSite","@id":"https:\/\/www.d-s-photo.com\/en\/#website","url":"https:\/\/www.d-s-photo.com\/en\/","name":"Daniel Schvarcz Fotograf","description":"Meine Schwerpunkte als Fotograf sind Architektur, Hotellerie, Food, Industrie, Business und Produkt Fotografie sowie klassische Werbefotografie.  \u00dcber die gesamte Bandbreite meiner Leistungen biete ich beste fotografische Qualit\u00e4t, abgestimmte Prozesse, exakte Timings und faire Konditionen. Eben ein professionelles Gesamtpaket f\u00fcr fotografische Herausforderungen im Bereich B2B.  Lassen Sie sich durch die Galerie inspirieren und unter 089-12190403 von mir direkt beraten.","publisher":{"@id":"https:\/\/www.d-s-photo.com\/en\/#organization"},"potentialAction":[{"@type":"SearchAction","target":{"@type":"EntryPoint","urlTemplate":"https:\/\/www.d-s-photo.com\/en\/?s={search_term_string}"},"query-input":{"@type":"PropertyValueSpecification","valueRequired":true,"valueName":"search_term_string"}}],"inLanguage":"en-US"},{"@type":"Organization","@id":"https:\/\/www.d-s-photo.com\/en\/#organization","name":"Daniel Schvarcz Photographie","url":"https:\/\/www.d-s-photo.com\/en\/","logo":{"@type":"ImageObject","inLanguage":"en-US","@id":"https:\/\/www.d-s-photo.com\/en\/#\/schema\/logo\/image\/","url":"https:\/\/www.d-s-photo.com\/wp-content\/uploads\/2021\/12\/DS_Logo_2021.svg","contentUrl":"https:\/\/www.d-s-photo.com\/wp-content\/uploads\/2021\/12\/DS_Logo_2021.svg","width":1,"height":1,"caption":"Daniel Schvarcz Photographie"},"image":{"@id":"https:\/\/www.d-s-photo.com\/en\/#\/schema\/logo\/image\/"},"sameAs":["https:\/\/www.facebook.com\/danielschvarczphotography","https:\/\/www.instagram.com\/daniel.schvarcz.photography\/","https:\/\/www.linkedin.com\/in\/daniel-schvarcz-99376018a\/","https:\/\/www.youtube.com\/channel\/UCE5Ov4Zvczhte1ky-pDCJtw"]},{"@type":"Person","@id":"https:\/\/www.d-s-photo.com\/en\/#\/schema\/person\/b63c160fcf50b3cd99e315a813c0c10e","name":"dani","image":{"@type":"ImageObject","inLanguage":"en-US","@id":"https:\/\/secure.gravatar.com\/avatar\/1f66c27abec1e7f78f05aa01590260a08d3452c8fd08bddb7c0bf9c3296b9351?s=96&d=mm&r=g","url":"https:\/\/secure.gravatar.com\/avatar\/1f66c27abec1e7f78f05aa01590260a08d3452c8fd08bddb7c0bf9c3296b9351?s=96&d=mm&r=g","contentUrl":"https:\/\/secure.gravatar.com\/avatar\/1f66c27abec1e7f78f05aa01590260a08d3452c8fd08bddb7c0bf9c3296b9351?s=96&d=mm&r=g","caption":"dani"},"sameAs":["https:\/\/www.d-s-photo.com"],"url":"https:\/\/www.d-s-photo.com\/en\/author\/dani\/"}]}},"_links":{"self":[{"href":"https:\/\/www.d-s-photo.com\/en\/wp-json\/wp\/v2\/posts\/16571","targetHints":{"allow":["GET"]}}],"collection":[{"href":"https:\/\/www.d-s-photo.com\/en\/wp-json\/wp\/v2\/posts"}],"about":[{"href":"https:\/\/www.d-s-photo.com\/en\/wp-json\/wp\/v2\/types\/post"}],"author":[{"embeddable":true,"href":"https:\/\/www.d-s-photo.com\/en\/wp-json\/wp\/v2\/users\/1"}],"replies":[{"embeddable":true,"href":"https:\/\/www.d-s-photo.com\/en\/wp-json\/wp\/v2\/comments?post=16571"}],"version-history":[{"count":1,"href":"https:\/\/www.d-s-photo.com\/en\/wp-json\/wp\/v2\/posts\/16571\/revisions"}],"predecessor-version":[{"id":16584,"href":"https:\/\/www.d-s-photo.com\/en\/wp-json\/wp\/v2\/posts\/16571\/revisions\/16584"}],"wp:featuredmedia":[{"embeddable":true,"href":"https:\/\/www.d-s-photo.com\/en\/wp-json\/wp\/v2\/media\/16579"}],"wp:attachment":[{"href":"https:\/\/www.d-s-photo.com\/en\/wp-json\/wp\/v2\/media?parent=16571"}],"wp:term":[{"taxonomy":"category","embeddable":true,"href":"https:\/\/www.d-s-photo.com\/en\/wp-json\/wp\/v2\/categories?post=16571"},{"taxonomy":"post_tag","embeddable":true,"href":"https:\/\/www.d-s-photo.com\/en\/wp-json\/wp\/v2\/tags?post=16571"}],"curies":[{"name":"wp","href":"https:\/\/api.w.org\/{rel}","templated":true}]}}